{"id":10376,"date":"2015-11-26T08:00:56","date_gmt":"2015-11-26T07:00:56","guid":{"rendered":"http:\/\/www.bilten.org\/?p=10376"},"modified":"2015-11-26T11:26:20","modified_gmt":"2015-11-26T10:26:20","slug":"do-podne-alija-a-od-podne-sta-das","status":"publish","type":"post","link":"https:\/\/www.bilten.org\/?p=10376","title":{"rendered":"Do podne Alija, a od podne \u0161ta da\u0161&#8230;"},"content":{"rendered":"<p><strong>Ve\u0107inski pozitivan status Alije Izetbegovi\u0107a u &#8220;bo\u0161nja\u010dkom dijelu&#8221; Federacije BiH u prili\u010dnoj je mjeri zasnovan na predod\u017ebi o njemu kao borcu za cjelovitu Bosnu i Hercegovinu, nasuprot srpskim i hrvatskim secesionisti\u010dkim politikama. Ipak, njegov ideolo\u0161ki profil i politi\u010dka praksa sugeriraju pone\u0161to druk\u010diju perspektivu. Nova knjiga Mustafe \u010cengi\u0107a uvjerljivo demontira osnovne mitove o Izetbegovi\u0107evoj politici, ali i svjedo\u010di ograni\u010denjima liberalne kritike te politike.<\/strong><\/p>\n<p>Odavno ni jedna doma\u0107a politolo\u0161ka <a href=\"http:\/\/www.knjiga.ba\/bih-teme\/alija-izetbegovic-jahac-apokalipse-ili-andeo-mira-m3419.html\" target=\"_blank\">knjiga<\/a> nije izazvala takvu pometnju u dijelu Federacije sa bo\u0161nja\u010dkom ve\u0107inom koliko, dugo pripremana, studija dugogodi\u0161njeg novinara, publiciste i v.d. jugoslovenskog ministra obrazovanja Mustafe \u010cengi\u0107a: Alija Izetbegovi\u0107 \u2013 jaha\u010d apokalipse ili an\u0111eo mira? (Kult Sarajevo 2015). Nakon pompezne promocije u prostorijama ANU BiH u Sarajevu, na autora se, a zbog o\u010diglednog sugerisanja da je Izetbegovi\u0107ev lik i djelo vi\u0161e odgovarao prvome dijelu naslova knjige, pokrenula svekolika hajka.<\/p>\n<p>Knjigu jo\u0161 niko temeljito nije ni pro\u010ditao, a \u010cengi\u0107 je, bez ikakvog razmatranja argumenata koje je iznio, ekspresno <a href=\"http:\/\/faktor.ba\/stav-prezivjeli-ostaci-jugoslavenskog-rezima-izdali-novu-knjigu-1-alija-izetbegovic-na-meti-udbe\/\" target=\"_blank\">progla\u0161en<\/a> komunisti\u010dkim vampirom i udba\u0161em, \u010dije tvrdnje o ideologiji i politici bo\u0161nja\u010dkog ratnog lidera ne zaostaju za \u010detni\u010dkom propagandom u \u010dijoj su, podrazumijeva se, slu\u017ebi.\u00a0Izetbegovi\u0107eve ideolo\u0161ke i medijske apologete ponajvi\u0161e je pogodila autorova ocjena Izetbegovi\u0107eve politike kao &#8220;velike la\u017ei&#8221;, na osnovu koje je kreiran i sam mit o Aliji Izetbegovi\u0107u kao osobi visokih moralnih kvaliteta, promotoru demokratije i liberalnih vrijednosti, za\u0161titniku multietni\u010dkog dru\u0161tva, &#8220;<a href=\"http:\/\/www.haber.ba\/vijesti\/bih\/86025-zasto-je-alija-izetbegovic-u-turskoj-poznat-kao-kralj-mudraca-foto\" target=\"_blank\">kralju mudraca<\/a>&#8220;.<\/p>\n<p><b>Autorova ambicija i \u010ditateljevo razo\u010daranje<\/b><\/p>\n<p>La\u017ei, bez koje bi se, kako je autor izjavio u jednom od brojnih intervjua, Izetbegovi\u0107eva &#8220;Stranka demokratske akcije&#8230; ve\u0107 odavno na\u0161la na politi\u010dkim marginama jer nema \u0161ta da ponudi, jer se istro\u0161ila i jer je ogrezla u u lopovluk i nemoral.&#8221; Su\u0161tina \u010cengi\u0107evog demistifikovanja &#8220;velike la\u017ei&#8221; le\u017ei u tvrdnji koju su ve\u0107 mnogo puta ponovili i u svojim \u010dlancima i knjigama dokazima potkrijepili Izetbegovi\u0107evi politi\u010dki protivnici i kriti\u010dari (<a href=\"http:\/\/www.uciteljneznalica.org\/upload\/ebook\/806_%C4%90ilas,%20Milovan,%20Bo%C5%A1njak%20Adil%20Zulfikarpa%C5%A1i%C4%87,%20Bo%C5%A1nja%C4%8Dki%20Institut,%201994.pdf\" target=\"_blank\">Adil Zulfikarpa\u0161i\u0107<\/a>, <a href=\"http:\/\/www.republikainfo.com\/vijesti\/1177-intervjumuhamed-filipovic-za-press-alija-je-upropastio-bosnjake-napravivsi-katastrofalnu-gresku-odlukom-da-se-bih-odvoji-od-jugoslavije.html\" target=\"_blank\">Muhamed Filipovi\u0107<\/a>, <a href=\"http:\/\/www.scribd.com\/doc\/85774605\/Sefer-Halilovic-Lukava-Strategija\" target=\"_blank\">Sefer Halilovi\u0107<\/a>, <a href=\"http:\/\/www.geocities.ws\/famous_bosniaks\/izetbegovic-borogovac.html\" target=\"_blank\">Muhamed Borogovac<\/a>, <a href=\"http:\/\/www.knjiga.ba\/bih-teme\/tajni-rat-za-bosnu-izmedu-sluzbe-djrzavne-bezbjedjnosti-rbih-i-kos-a-jna-m2270.html\" target=\"_blank\">Munir Alibabi\u0107<\/a>, <a href=\"https:\/\/www.academia.edu\/853509\/Alija_Izetbegovic_and_the_war_in_Bosnia-Herzegovina\" target=\"_blank\">Dra\u017een Pehar<\/a>\u00a0itd.), a glasi da je Alija Izetbegovi\u0107 svoju navodnu borbu za multietni\u010dku i multikonfesionalnu Republiku BiH koristio kao paravan za politiku njene unutra\u0161nje podjele i stvaranje islamske dr\u017eavice, u skladu sa na\u010delima svoga pamfleta <a href=\"http:\/\/www.pravda.rs\/wp-content\/uploads\/2015\/07\/islamskadeklaracija.pdf\" target=\"_blank\">Islamska deklaracija<\/a>\u00a0iz 1970., a zbog kojeg je u Sarajevskom procesu 1983. osu\u0111en na dugogodi\u0161nju robiju. &#8220;Apsurdno je da su Bo\u0161njaci, fakti\u010dki, vodili rat za podjelu zemlje, a da toga nisu bili svjesni&#8221;, zaklju\u010dio je \u010cengi\u0107 u <a href=\"http:\/\/www.nap.ba\/new\/vijest.php?id=17785\" target=\"_blank\">intervjuu<\/a> za portal nap.ba.<\/p>\n<p>Velika autorova ambicija da razrije\u0161i najzamr\u0161eniji gordijev \u010dvor nedavne bo\u0161nja\u010dke historije ogleda se u bombasti\u010dnim i vrlo obe\u0107avaju\u0107im naslovima poglavlja: &#8220;O istini&#8221;, &#8220;O Bosni i Bo\u0161njacima&#8221;, &#8220;Da li je rat bio neizbje\u017ean?&#8221;, &#8220;O Stranci demokratske akcije&#8221;, &#8220;O politici i religiji&#8221;, &#8220;O jedinstvenoj BiH&#8221;, &#8220;O komunizmu i antifa\u0161izmu&#8221;, &#8220;Dr\u017eava i demokratija&#8221;, &#8220;SDA i nacionalizam&#8221;, &#8220;O Bo\u0161nja\u010dkom identitetu&#8221;, &#8220;O islamskom bratstvu&#8221;, &#8220;O pro\u0161losti i budu\u0107nosti&#8221;, &#8220;Epilog&#8221; i mno\u0161tvu podnaslova koji su primjereniji fakultetskoj skripti nego ne\u010demu \u0161to pretenduje da bude ozbiljno politolo\u0161ko ispitivanje.<\/p>\n<p>Da razo\u010darenje za svakoga ko se bavi likom i djelom Alije Izetbegovi\u0107a bude ve\u0107e, knjiga ni sadr\u017eajem nije opravdala senzaciju koju je izazvala. Samo usporedbom kori\u0161tene bibliografije i iznesenih teza lako je zaklju\u010diti da autor, uz duge i posve bespotrebne egzegeze politi\u010dkog stanja u SFRJ i BiH i esejisti\u010dke, a ne znanstvene, usporedbe Izetbegovi\u0107a sa Hamijom Pozdercom i drugim titoisti\u010dkim muslimanskim liderima u SR BiH, nije izneo ni\u0161ta naro\u010dito novo \u0161to ve\u0107 o Izetbegovi\u0107u javno nisu izjavljivali i pisali njegovi, ve\u0107 spomenuti, protivnici. Radi se, manje-vi\u0161e, o kompilaciji njihovih argumenata koja u nekim poglavljima zaista segment po segment, dokumentovano i kvalitetno de\u0161ifruje Izetbegovi\u0107evu politi\u010dku strategiju i taktiku, da bi se potom izgubila u kolumnisti\u010dko-esejisti\u010dkim lutanjima bez i jedne fusnote.<\/p>\n<p><strong>Izetbegovi\u0107: utopist s gre\u0161kom<\/strong><\/p>\n<p>Nakon \u0161to nam u prva \u010detiri poglavlja, posve suvi\u0161no, obja\u0161njava \u0161ta je to hrvatsko, a \u0161ta srpsko pitanje u BiH, \u0161ta je dru\u0161tvena svijest, koje \u010detiri vrste muslimana je klasifikovao islamski mislilac Seid Husein Naser, gdje tu spadaju Alija Izetbegovi\u0107 i njegovi sljedbenici i \u0161ta to zna\u010di &#8220;baliluk&#8221; (ba\u0161 kao da se radi o gomili nabacanih teza za kolumne, a ne znanstvenoj sintezi), autor kona\u010dno postavlja pitanje na koje bi njegova studija trebala dati konkretne odgovore: &#8220;Koliko je bo\u0161nja\u010dka strana koju je predvodio Alija izetbegovi\u0107 \u017ertva nepopustljivosti druge dvije strane, srpske i hrvatske, a koliko je i sama pogre\u0161nom politikom i svjesnim destrukcijama doprinijela da ideja jedinstvene Bosne i Hercegovine postane vi\u0161e politi\u010dka utopija nego realan politi\u010dki projekat, vi\u0161e korijenita pogre\u0161ka nego temeljna istina?&#8221;<\/p>\n<p>Pogre\u0161na politika se, za \u010cengi\u0107a, ogleda u Izetbegovi\u0107evom destruktivnom odnosu prema bosanskohercegova\u010dkoj dr\u017eavnosti, odnosno konceptu gra\u0111anske dr\u017eave po modelu &#8220;jedan \u010dovjek, jedan glas&#8221; koju je 1992. priznao UN. Izetbegovi\u0107 je, smatra \u010cengi\u0107, djelovao u \u010detiri faze: &#8220;U prvoj fazi se nedvojbeno, ali potpuno na\u010delno, govori o opredjeljenju i spremnosti da se BiH, kao cjelina, brani svim sredstvima. U drugoj fazi se konstruira dr\u017eavno-pravna i politi\u010dka praksa potpuno suprotna proklamiranom cilju. U tre\u0107oj fazi se pokre\u0107u, prvo tajni a potom otvoreni razgovori o podjeli zemlje. U \u010detvrtoj fazi se fatalisti\u010dki konstatuje da od jedinstvene BiH nema ni\u0161ta i da je za Bo\u0161njake najbolje da stvore nacionalnu vjersku dr\u017eavicu.&#8221;<\/p>\n<p>Autor pobija tezu da se radilo o Izetbegovi\u0107evoj postupnoj politi\u010dkoj transformaciji i postepenom razo\u010darenju u zajedni\u010dki \u017eivot, kao \u0161to njegovo &#8220;ne\u0107kanje&#8221; u vezi dr\u017eavno-pravnog ure\u0111enja BiH nastoje tuma\u010diti SDA apologeti. Za \u010cengi\u0107a, a to je dio knjige gdje zaista pose\u017ee za konkretnim dokumentima i Izetbegovi\u0107evim izjavama i govorima, Izetbegovi\u0107eva odbojnost prema bilo kakvom konceptu gra\u0111anstva i zapadnog koncepta nacije zapo\u010dinje jo\u0161 u doba njegovog njegovog \u010dlanstva u organizaciji Mladi muslimani, uo\u010di i tokom Drugog svjetskog rata: &#8220;I dok drugi krvare u borbi protiv fa\u0161izma, Mladi muslimani raspravljaju o moralu i islamskim du\u017enostima. Moralna i intelektualna hipokrizija ovih mladih ljudi, njihova potpuna dehumanizacija i otu\u0111enje, mogu da imaju jedino obja\u0161njenje u tome da u fa\u0161izmu i fa\u0161isti\u010dkoj NDH nisu vidjeli nikakvu opasnost po islam i zbog toga im je taj re\u017eim bio prihvatljiv, pa ga nisu osporavali, niti mu se odupirali\u2026 Kada je 1943. godine Bosnu i Hercegovinu posjetio Hitlerov izaslanik veliki muftija jerusalemski El-Huseini da agituje za fa\u0161isti\u010dku Njema\u010dku kao \u2018prirodnu saveznicu hrvatskih muslimana\u2019\u2026 u Sarajevu i Gora\u017edu su ga sa posebnim odu\u0161evljenjem do\u010dekali pripadnici Mladih muslimana koji su pomagali organizaciju njegove posjete.&#8221;<\/p>\n<p><strong>Da na\u0161i \u017eive s na\u0161ima, a njihovi s njihovima<\/strong><\/p>\n<p>Autor nagla\u0161ava da je Izetbegovi\u0107eva Stranka demokratske akcije 1990. u potpunosti preuzela naslje\u0111e mladomuslimanske ideologije, prema kojoj je svako &#8220;ko od sebe gura ono \u0161to islam nau\u010dava, bezbo\u017enik, bludnik, beskarakteran, pohlepan, razularen\u2026 brutalna sirova priroda\u2026 s kojom treba iza\u0107i na kraj\u2026&#8221; i prema kojoj \u0107e se kada ustreba upotrijebiti sila &#8220;ne \u0161tede\u0107i protivnika&#8221;. Mladomuslimanska ideologija, pi\u0161e \u010cengi\u0107, nesumnjivo izbija iz Izetbegovi\u0107ve Islamske deklaracije u kojoj stoji da &#8220;nema mira i koegzistencije izme\u0111u islamske vjere i neislamskih dru\u0161tvenih i politi\u010dkih institucija&#8221;, a koja je posebno do\u0161la do izra\u017eaja na predizbornom skupu SDA u Velikoj Kladu\u0161i, kada je Alija Izetbegovi\u0107 poru\u010dio da \u0107e &#8220;ako zatreba Muslimani, ako zatreba oru\u017ejem braniti Bosnu&#8221;, te da \u0107e, ako Slovenija i Hrvatska iza\u0111u iz Jugoslavije, proglasiti samostalnost Bosne i Heregovine.<\/p>\n<p>&#8220;Takvu alternativu isti\u010de pred vi\u0161e od 200.000 ljudi, me\u0111u kojima dominiraju vjerski fanatici koji u delirijumu ma\u0161u zelenim zastavama i isukanim sabljama. Obu\u010deni u arapske gulabije, oni prijete smr\u0107u neprijateljima islama. Kako sami Muslimani mogu braniti Bosnu i Hercegovinu? Od koga? Jesu li druga dva naroda voljna da je brane? Je li odbrana Bosne i Hercgovine isto \u0161to i odbrana islama?&#8221;, pita se autor i odgovara uspore\u0111uju\u0107i dvije Izetbegovi\u0107eve misli izre\u010dene u rasponu od vi\u0161e od 20 godina. Prva je ona iz Islamske deklaracije, prema kojoj &#8220;Islamski poredak mo\u017ee se ostvariti samo u zemljama u kojima Muslimani predstavljaju ve\u0107inu stanovni\u0161tva.\u00a0Bez ove ve\u0107ine, islamski poredak se svodi samo na vlast (jer nedostaje drugi elemenat\u2013 islamsko dru\u0161tvo) i mo\u017ee se pretvoriti u nasilje&#8221;, a druga sa jednog od zeni\u010dkih savjetovanja SDA-ovaca u novembru 1993. godine.<\/p>\n<p>Tada je otvoreno priznao da se od dijela BiH treba stvoriti &#8220;dr\u017eava u kojoj \u0107e biti 80 posto Muslimana i bit \u0107e muslimanska ili bo\u0161nja\u010dka, kako ho\u0107ete, koliko je Francuska uprkos tome \u0161to tamo ima, tako 3 miliona Arapa, itd. francuska dr\u017eava i tu je predsjednik Vlade i predsjednik Republike i svi su ministri Francuzi. Druga\u010dije ne mo\u017ee. Prema tome, mislim da je ta \u010dinjenica da \u0107e njih biti jo\u0161 oko 10 posto jednih i drugih unutra, ne mijenja na stvari da narod koji je izborio dr\u017eavu ima sva prava.&#8221; \u010cengi\u0107 izra\u017eava sumnju da je Izetbegovi\u0107 bio toliko naivan da misli da \u0107e stvoriti dr\u017eavu koja \u0107e, u potpunsti biti bazirana na \u0161erijatskim principima, &#8220;ne samo zbg toga \u0161to bi Evropa sprije\u010dila stvaranje takve tvorevine, nego zbog toga \u0161to Bo\u0161njaci-muslimani nisu spremni da takvu ideju podr\u017ee&#8221;.<\/p>\n<p>Izetbegovi\u0107 je namjeravao da za to stvori neophodne preduslove tako \u0161to \u0107e dobiti &#8220;svoj dio teritorije sa svim atributima dr\u017eavnosti i da na taj na\u010din trajno osigura svoje vlastodr\u017ea\u010dke apetite.&#8221; Vrlo je, u tom smislu indikativno prisje\u0107anje kontroverznog re\u017eisera <a href=\"http:\/\/www.radiosarajevo.ba\/novost\/36254\/slobodna-bosna-emir-kusturica-o-ocu-i-sinu-izetbegovic\" target=\"_blank\">Emira Kusturice<\/a> na jedan od privatnih razgovora koje je neposredno pred rat vodio sa Izetbegovi\u0107em kada mu je Izetbegovi\u0107 izrekao sljede\u0107e: &#8220;Vidje\u0107emo, mi \u0107emo probati sve mirne varijante. Ako budemo morali da se borimo, borit \u0107emo se. Zna\u0161, ja bih najra\u0111e da se sa Srbima dogovorimo. Slo\u017eio bih se da preseljavamo na\u0161e iz regija u kojima smo manjina, a Srbi ve\u0107ina, u na\u0161a ve\u0107inska podru\u010dja. Isto bi vrijedilo za Srbe. Da na\u0161i \u017eive sa na\u0161ima, a njihovi sa njihovima i mirna Bosna.&#8221;<\/p>\n<p><strong>U i\u0161\u010dekivanju prave analize<\/strong><\/p>\n<p>Pa ipak, unato\u010d svim poslo\u017eenim argumentima u prilog stvarnih, a ne propagandnih Izetbegovi\u0107evih ciljeva, \u010cengi\u0107eva, kao i sve dosada\u0161nje bosansko-hercegova\u010dko gra\u0111anske i lijevo-liberalne kritike, ima istu manu. Prvo, zbog \u010dega se od ideologa i politi\u010dara njegove profilacije, dakle nekoga ko osniva jednoetni\u010dku i jednovjersku partiju o\u010dekivalo da \u0107e se apriori zalagati za gra\u0111ansku BiH? Drugo, da li su za takvu BiH, s obzirom na kolaps rigidnog staljinoidnog birokratskog re\u017eima i trijumfa narodnja\u010dko-nacionalisti\u010dkih partija i kod Srba i kod Hrvata i Muslimana postojali ikakvi preduslovi?<\/p>\n<p>Ako se, nemaju\u0107i ozbiljne politi\u010dke protivnike, Franjo Tu\u0111man, priznaju\u0107i suverenost BiH, formalno zalagao za gra\u0111ansku Hrvasku koja priznaje ljudska prava svim svojim gra\u0111anima, a zapravo radio na etni\u010dkom \u010di\u0161\u0107enju Srba i podjeli susjedne dr\u017eave, i ako je Slobodan Milo\u0161evi\u0107, pod krinkom jugoslovenstva tako\u0111er nastojao \u0161to ve\u0107i komad raspadaju\u0107e dr\u017eave zadr\u017eati za Srbiju, ukoliko su rukovodstva bosanskih Srba i Hrvata vrlo transparentno iskazivala, ako ne secesionisti\u010dke, a ono namjere etnoteritorijalne reorganizacije BiH, zbog \u010dega bi se od politi\u010dara vrlo jasne islamisti\u010dke politi\u010dke linije kao \u0161to je bio Izetbegovi\u0107, o\u010dekivalo da gra\u0111anski model koristi u bilo koje druge svrhe, osim kao paravan svojih stvarnih namjera?<\/p>\n<p>Sve da je druga\u010dije htio \u2013 a iz niza dokumenata je vidljivo da nije \u2013 to bi, u datom politi\u010dkom kontekstu bilo neizvedivo. Izetbegovi\u0107 je, kao i svi akteri jugoslovenske krize 1990-ih, svjesno odabrao ratnu opciju, kako bi u haosu raspada i dr\u017eavno-pravnom vaakumu, \u0161to vi\u0161e teritorije obezbijedio za dr\u017eavnu ili subdr\u017eavnu tvorevinu u kojoj bi implementirao vlastite politi\u010dko-ideolo\u0161ke norme. Prema tome, \u010cengi\u0107 se u svome djelu, kao i ve\u0107ina njegovih prethodnika sa izuzetkom Dra\u017eena Pehara, odmakao od strogog analiti\u010dkog pristupa, te smo umjesto nau\u010dnog obrazlo\u017eenja zbog \u010dega je Izetbegovi\u0107 vodio svoju politiku, dobili jo\u0161 jedno uvrije\u0111eno zamjeranje narodnja\u010dkoj desnici da ne igra po pravilima koja su joj zacrtali lijevo-liberalni intelektualci i fantasti koji joj poput sve\u0161tenika gra\u0111anske misli spo\u010ditavaju &#8220;bezobrazluk i nemoral&#8221;. Ba\u0161 kao da su 1990-tih oni dobili izbore, a ne Izetbegovi\u0107 i njegova mladomuslimanska &#8220;disidentska&#8221; grupa.<\/p>\n<p>Dobra strana \u010cengi\u0107evog djela jeste u tome \u0161to je ponavljanjem nekih argumenata uzburkalo ve\u0107insko javno mnijenje u kojem Izetbegovi\u0107 jo\u0161 uvijek ima status nedodirljive svetinje, ali na ozbiljnu istoriografsko-politolo\u0161ku analizu Izetbgovi\u0107evg lika i djela morat \u0107emo pri\u010dekati jo\u0161 neko vrijeme.<\/p>\n","protected":false},"excerpt":{"rendered":"<p>Odavno ni jedna doma\u0107a politolo\u0161ka knjiga nije izazvala takvu pometnju u dijelu Federacije sa bo\u0161nja\u010dkom ve\u0107inom koliko, dugo pripremana, studija dugogodi\u0161njeg novinara&#8230;<\/p>\n","protected":false},"author":5,"featured_media":10380,"comment_status":"closed","ping_status":"closed","sticky":false,"template":"","format":"standard","meta":{"footnotes":""},"categories":[1],"tags":[103,34],"theme":[456,455],"country":[35],"articleformat":[450],"coauthors":[83],"class_list":["post-10376","post","type-post","status-publish","format-standard","has-post-thumbnail","hentry","category-uncategorized","tag-ideologija","tag-tranzicija","theme-politika","theme-rad","country-bih","articleformat-tema"],"_links":{"self":[{"href":"https:\/\/www.bilten.org\/index.php?rest_route=\/wp\/v2\/posts\/10376","targetHints":{"allow":["GET"]}}],"collection":[{"href":"https:\/\/www.bilten.org\/index.php?rest_route=\/wp\/v2\/posts"}],"about":[{"href":"https:\/\/www.bilten.org\/index.php?rest_route=\/wp\/v2\/types\/post"}],"author":[{"embeddable":true,"href":"https:\/\/www.bilten.org\/index.php?rest_route=\/wp\/v2\/users\/5"}],"replies":[{"embeddable":true,"href":"https:\/\/www.bilten.org\/index.php?rest_route=%2Fwp%2Fv2%2Fcomments&post=10376"}],"version-history":[{"count":12,"href":"https:\/\/www.bilten.org\/index.php?rest_route=\/wp\/v2\/posts\/10376\/revisions"}],"predecessor-version":[{"id":10446,"href":"https:\/\/www.bilten.org\/index.php?rest_route=\/wp\/v2\/posts\/10376\/revisions\/10446"}],"wp:featuredmedia":[{"embeddable":true,"href":"https:\/\/www.bilten.org\/index.php?rest_route=\/wp\/v2\/media\/10380"}],"wp:attachment":[{"href":"https:\/\/www.bilten.org\/index.php?rest_route=%2Fwp%2Fv2%2Fmedia&parent=10376"}],"wp:term":[{"taxonomy":"category","embeddable":true,"href":"https:\/\/www.bilten.org\/index.php?rest_route=%2Fwp%2Fv2%2Fcategories&post=10376"},{"taxonomy":"post_tag","embeddable":true,"href":"https:\/\/www.bilten.org\/index.php?rest_route=%2Fwp%2Fv2%2Ftags&post=10376"},{"taxonomy":"theme","embeddable":true,"href":"https:\/\/www.bilten.org\/index.php?rest_route=%2Fwp%2Fv2%2Ftheme&post=10376"},{"taxonomy":"country","embeddable":true,"href":"https:\/\/www.bilten.org\/index.php?rest_route=%2Fwp%2Fv2%2Fcountry&post=10376"},{"taxonomy":"articleformat","embeddable":true,"href":"https:\/\/www.bilten.org\/index.php?rest_route=%2Fwp%2Fv2%2Farticleformat&post=10376"},{"taxonomy":"author","embeddable":true,"href":"https:\/\/www.bilten.org\/index.php?rest_route=%2Fwp%2Fv2%2Fcoauthors&post=10376"}],"curies":[{"name":"wp","href":"https:\/\/api.w.org\/{rel}","templated":true}]}}